{"id":524,"date":"2022-08-01T16:36:35","date_gmt":"2022-08-01T16:36:35","guid":{"rendered":"https:\/\/uset.com.br\/?p=524"},"modified":"2023-02-09T15:33:48","modified_gmt":"2023-02-09T15:33:48","slug":"o-futuro-do-mercado-das-feiras-e-eventos-uset-2","status":"publish","type":"post","link":"https:\/\/uset.com.br\/index.php\/2022\/08\/01\/o-futuro-do-mercado-das-feiras-e-eventos-uset-2\/","title":{"rendered":"POR TR\u00c1S DA USET"},"content":{"rendered":"<h3 style=\"text-align: left;\"><strong>COMO TUDO COME\u00c7OU, SUA IMPORT\u00c2NCIA NO MERCADO DAS FEIRAS E EVENTOS, PARCERIAS E PRIMEIRA APARI\u00c7\u00c3O DOS ESTANDES SUSTENT\u00c1VEIS.\u00a0<\/strong><\/h3>\n<p style=\"text-align: left;\"><span style=\"font-weight: 400;\">Repensar o prop\u00f3sito das feiras e eventos \u00e9 repensar seu modo de faz\u00ea-los. \u00c9 refletir nos impactos que esse segmento pode gerar n\u00e3o s\u00f3 \u00e0s empresas, mas principalmente \u00e0 sociedade.<\/span><span style=\"font-weight: 400;\">\u00a0<\/span><\/p>\n<p style=\"text-align: left;\"><span style=\"font-weight: 400;\">E isso est\u00e1 atrelado principalmente \u00e0s in\u00fameras condi\u00e7\u00f5es dos servi\u00e7os que s\u00e3o oferecidos durante suas apresenta\u00e7\u00f5es. E dentre esses servi\u00e7os, destacamos um uso dos estandes sustent\u00e1veis.\u00a0<\/span><\/p>\n<p style=\"text-align: left;\"><span style=\"font-weight: 400;\">\u00c9 aqui onde tudo come\u00e7a, e o que levou o Arquiteto Paulo Guarini a criar o <strong>USET<\/strong>, um novo e moderno conceito de estandes sustent\u00e1veis para as feiras e eventos.<\/span><\/p>\n<p style=\"text-align: left;\">\n<h3 style=\"text-align: left;\"><strong>Entendendo como esse conceito surgiu e seu principal prop\u00f3sito para o segmento de feiras e eventos.<\/strong><\/h3>\n<p style=\"text-align: left;\"><span style=\"font-weight: 400;\">O arquiteto Paulo Guarini sempre gostou de desenhar estandes, de fazer coisas diferentes, e sempre se interessou pelo conceito de v\u00e1rias montagens de estandes para um mesmo espa\u00e7o.<\/span><\/p>\n<p style=\"text-align: left;\"><span style=\"font-weight: 400;\">Pensando nisso, ele criou uma op\u00e7\u00e3o flex\u00edvel de <strong>estande sustent\u00e1vel<\/strong>, onde seu cliente\u00a0 pudesse escolher op\u00e7\u00f5es mais bonitas, otimizadas, com diversos tipos de designs, por um pre\u00e7o mais acess\u00edvel e custo-benef\u00edcio mais adequado. <\/span><\/p>\n<p style=\"text-align: left;\"><span style=\"font-weight: 400;\">Entre os anos de 2000 e 2003, Paulo deu in\u00edcio \u00e0s suas duas empresas, a\u00a0 In focus Audiovisual e a SP Group. Em 2008 criou seu\u00a0 1\u00ba configurador (Eye Scenery), onde o cliente poderia configurar e visualizar, em tempo real e na palma da m\u00e3o, como seria seu evento.<\/span><\/p>\n<p style=\"text-align: left;\"><span style=\"font-weight: 400;\">Com a grande demanda que sua 2\u00aa empresa vinha tendo (SP Group), ele come\u00e7ou a diversificar os neg\u00f3cios, sendo o 1\u00ba a trazer holografia para o Brasil, criando a Eye Motion, onde conseguiu juntar cenografia, holografia e estandes.\u00a0<\/span><\/p>\n<p style=\"text-align: left;\"><span style=\"font-weight: 400;\">Com seu crescimento, a Eye Motion se tornou uma grande refer\u00eancia de tecnologia para eventos, ajudando a SP GROUP a se desenvolver cada vez mais.<\/span><\/p>\n<p style=\"text-align: left;\"><span style=\"font-weight: 400;\">Em <\/span><b>2015, <\/b><span style=\"font-weight: 400;\">a SP GROUP (Eye Motion) foi vendida para uma empresa da Su\u00ed\u00e7a. Mas a inquieta\u00e7\u00e3o e a\u00a0 ideia de querer gerenciar algo novo sempre esteve l\u00e1. Por isso, em 2019, Paulo decidiu comprar de volta a SP GROUP, transformando-a no que hoje \u00e9 a USET.<\/span><\/p>\n<p style=\"text-align: left;\">\n<h3 style=\"text-align: left;\"><strong>A ideia por tr\u00e1s do USET e sua import\u00e2ncia para a evolu\u00e7\u00e3o das feiras e eventos no Brasil.<\/strong><\/h3>\n<p style=\"text-align: left;\"><span style=\"font-weight: 400;\">O USET \u00e9 um novo conceito em montagem de estandes sustent\u00e1veis, onde suas principais premissas s\u00e3o a otimiza\u00e7\u00e3o, design moderno e inteligente, com maior custo-benef\u00edcio, flexibiliza\u00e7\u00e3o e moderniza\u00e7\u00e3o de estandes sustent\u00e1veis para feiras e eventos.\u00a0<\/span><\/p>\n<p style=\"text-align: left;\"><span style=\"font-weight: 400;\">Atrav\u00e9s dele \u00e9 poss\u00edvel que as empresas garantam uma m\u00e3o de obra e uma entrega mais otimizada e n\u00e3o gerem desperd\u00edcios, al\u00e9m de garantir maiores condi\u00e7\u00f5es na hora de mostrar antecipadamente o estande pronto para o cliente.\u00a0<\/span><\/p>\n<p style=\"text-align: left;\"><span style=\"font-weight: 400;\">O maior objetivo da USET \u00e9 oferecer algo de positivo n\u00e3o s\u00f3 para o segmento, mas principalmente para a sociedade. \u00c9 pensar sempre em op\u00e7\u00f5es que atendam a todas as normas de limpeza e boas pr\u00e1ticas enol\u00f3gicas, trazendo tranquilidade para todos que o consomem direta ou indiretamente, oferecendo a garantia de um produto mais sustent\u00e1vel.\u00a0<\/span><\/p>\n<p style=\"text-align: left;\"><span style=\"font-weight: 400;\">A USET \u00e9 sin\u00f4nimo de economia e responsabilidade social em forma de estandes sustent\u00e1veis personalizados e reutiliz\u00e1veis<\/span><\/p>\n<p style=\"text-align: left;\">\n<h3 style=\"text-align: left;\"><strong>Desenvolvendo o conceito dos estandes sustent\u00e1veis e mostrando sua efici\u00eancia para o segmento nas feiras e eventos no Brasil.<\/strong><\/h3>\n<p style=\"text-align: left;\"><span style=\"font-weight: 400;\">\u00c9 aqui que a USET entra no conceito do <strong>ESG (Environmental, social, and corporate governance).<\/strong> Conjunto de boas pr\u00e1ticas que validam o quanto uma empresa est\u00e1 social e ambientalmente consciente em sua gest\u00e3o.\u00a0<\/span><\/p>\n<p style=\"text-align: left;\"><span style=\"font-weight: 400;\">Empresas que implementam o<strong> ESG<\/strong> demonstram que seu modelo de neg\u00f3cios valoriza n\u00e3o s\u00f3 o lucro, mas principalmente um prop\u00f3sito maior para a comunidade, tornando-se cada vez mais atrativas, tanto para os consumidores quanto para potenciais investidores.<\/span><\/p>\n<p style=\"text-align: left;\">\n<h3 style=\"text-align: left;\"><strong>Parceria USET e N\u00fcrnbergMesse Brasil<\/strong><\/h3>\n<p style=\"text-align: left;\"><span style=\"font-weight: 400;\">A <\/span><a href=\"https:\/\/www.nuernbergmesse-brasil.com.br\/\"><span style=\"font-weight: 400;\">N\u00fcrnbergMesse<\/span><\/a><span style=\"font-weight: 400;\"> faz parte do<strong> Grupo N\u00fcrnbergMesse<\/strong>, uma das maiores empresas internacionais organizadoras de eventos e exposi\u00e7\u00f5es no Brasil, que promove os mais importantes encontros de fornecedores, distribuidores e revendedores do pa\u00eds em suas feiras de neg\u00f3cios.<\/span><\/p>\n<p style=\"text-align: left;\"><span style=\"font-weight: 400;\">Por saber da sua magnitude e da sua import\u00e2ncia para o ramo do segmento, sempre houve interesse em realizar uma parceria com a empresa. Em <\/span><span style=\"font-weight: 400;\">2021<\/span><span style=\"font-weight: 400;\"> tudo come\u00e7ou. Depois de muitas conversas e apresenta\u00e7\u00e3o do projeto, a USET fechou o contrato para ser a <\/span><span style=\"font-weight: 400;\"><strong>montadora oficial<\/strong> da N\u00fcrnbergMesse Brasil<\/span><span style=\"font-weight: 400;\">.<\/span><\/p>\n<p style=\"text-align: left;\"><span style=\"font-weight: 400;\">O relacionamento foi ficando cada vez mais consolidado e a empresa entendeu a import\u00e2ncia de investir num prop\u00f3sito diferente de tudo o que j\u00e1 existiu em rela\u00e7\u00e3o aos estandes em feiras e eventos.<\/span><\/p>\n<p style=\"text-align: left;\"><span style=\"font-weight: 400;\">E foi a\u00ed que o<a href=\"https:\/\/uset.com.br\/\"> USET<\/a> realizou o prot\u00f3tipo da Feira Revestir 2022, onde teve 100m\u00b2 com mezanino, validando seu conceito real e pr\u00e1tico, e posteriormente foi dado sinal verde para fazermos mais de 1.000m\u00b2 no <\/span><a href=\"https:\/\/www.catarinaaviationshow.com.br\/\"><span style=\"font-weight: 400;\">Catarina Aviation Show<\/span><\/a><span style=\"font-weight: 400;\">.<\/span><\/p>\n<p style=\"text-align: left;\">\n<h3 style=\"text-align: left;\"><strong>A USET entende que modernizar as feiras e eventos pode tornar o segmento cada vez mais atraente para as empresas e para o p\u00fablico.<\/strong><\/h3>\n<p style=\"text-align: left;\"><span style=\"font-weight: 400;\">Investir em estandes sustent\u00e1veis e flex\u00edveis \u00e9 fundamental para que as empresas possam atrair seus clientes, gerar maior comunica\u00e7\u00e3o e divulgar de maneira mais eficaz as propostas da sua marca.<\/span><\/p>\n<p style=\"text-align: left;\"><span style=\"font-weight: 400;\">Esse uso contribui para um ambiente mais limpo, sem nenhum desperd\u00edcio, evitando ac\u00famulo de materiais e lixo em feiras, por exemplo-, voltando a aten\u00e7\u00e3o de todos para o que importa: <\/span><strong>apresentar seus produtos e servi\u00e7os de forma mais eficiente, proporcionando uma m\u00e3o-de-obra mais otimizada e sem riscos, oferecendo um produto com melhores condi\u00e7\u00f5es ecol\u00f3gicas.<\/strong><\/p>\n<p style=\"text-align: left;\"><span style=\"font-weight: 400;\">Precisamos entender de uma vez por todas que a sociedade valoriza neg\u00f3cios que respeitam o meio ambiente as pessoas. E isso a USET tira de letra!\u00a0<\/span><\/p>\n<p style=\"text-align: left;\"><span style=\"font-weight: 400;\">Oferecemos espa\u00e7os pensados para a necessidade da sua empresa, com reaproveitamento cont\u00ednuo das estruturas, acabamentos e materiais, atrav\u00e9s de m\u00f3dulos reutiliz\u00e1veis e sustent\u00e1veis.<\/span><\/p>\n<p style=\"text-align: left;\">\n<h3 style=\"text-align: left;\"><strong>N\u00f3s cuidamos de tudo para que voc\u00ea possa se manter focado no que interessa: Estrat\u00e9gia e Planejamento.<\/strong><\/h3>\n<p style=\"text-align: left;\"><span style=\"font-weight: 400;\">Descubra o m\u00f3dulo que combina com seu neg\u00f3cio e garanta as mais variadas combina\u00e7\u00f5es de estrutura e acabamentos, resultando em projetos mais adequados \u00e0s necessidades de cada expositor.<\/span><\/p>\n<p style=\"text-align: left;\"><span style=\"font-weight: 400;\">As aplica\u00e7\u00f5es s\u00e3o realizadas em nossa f\u00e1brica e os m\u00f3dulos seguem prontos para a montagem do evento, gerando mais qualidade e tempo para voc\u00ea e oferecendo para a sua empresa uma montagem mais sustent\u00e1vel, pr\u00e1tica e r\u00e1pida, pronta para voc\u00ea expor.<\/span><\/p>\n<p style=\"text-align: left;\"><strong>Entre em contato com o nosso time para descobrir novas solu\u00e7\u00f5es em montagem: atendimento@uset.com.br | (11) 3883-6442.<\/strong><\/p>\n","protected":false},"excerpt":{"rendered":"<p>COMO TUDO COME\u00c7OU, SUA IMPORT\u00c2NCIA NO MERCADO DAS FEIRAS E EVENTOS, PARCERIAS E PRIMEIRA APARI\u00c7\u00c3O DOS ESTANDES SUSTENT\u00c1VEIS.\u00a0 Repensar o prop\u00f3sito das feiras e eventos \u00e9 repensar seu modo de faz\u00ea-los. \u00c9 refletir nos impactos que esse segmento pode gerar n\u00e3o s\u00f3 \u00e0s empresas, mas principalmente \u00e0 sociedade.\u00a0 E isso est\u00e1 atrelado principalmente \u00e0s in\u00fameras condi\u00e7\u00f5es dos servi\u00e7os que s\u00e3o oferecidos durante suas apresenta\u00e7\u00f5es. E dentre esses servi\u00e7os, destacamos um uso dos estandes sustent\u00e1veis.\u00a0 \u00c9 aqui onde tudo come\u00e7a, e o que levou o Arquiteto Paulo Guarini a criar o USET, um novo e moderno conceito de estandes sustent\u00e1veis para as feiras e eventos. Entendendo como esse conceito surgiu e seu principal prop\u00f3sito para o segmento de feiras e eventos. O arquiteto Paulo Guarini sempre gostou de desenhar estandes, de fazer coisas diferentes, e sempre se interessou pelo conceito de v\u00e1rias montagens de estandes para um mesmo espa\u00e7o. Pensando nisso, ele criou uma op\u00e7\u00e3o flex\u00edvel de estande sustent\u00e1vel, onde seu cliente\u00a0 pudesse escolher op\u00e7\u00f5es mais bonitas, otimizadas, com diversos tipos de designs, por um pre\u00e7o mais acess\u00edvel e custo-benef\u00edcio mais adequado. Entre os anos de 2000 e 2003, Paulo deu in\u00edcio \u00e0s suas duas empresas, a\u00a0 In focus Audiovisual e a SP Group. Em 2008 criou seu\u00a0 1\u00ba configurador (Eye Scenery), onde o cliente poderia configurar e visualizar, em tempo real e na palma da m\u00e3o, como seria seu evento. Com a grande demanda que sua 2\u00aa empresa vinha tendo (SP Group), ele come\u00e7ou a diversificar os neg\u00f3cios, sendo o 1\u00ba a trazer holografia para o Brasil, criando a Eye Motion, onde conseguiu juntar cenografia, holografia e estandes.\u00a0 Com seu crescimento, a Eye Motion se tornou uma grande refer\u00eancia de tecnologia para eventos, ajudando a SP GROUP a se desenvolver cada vez mais. Em 2015, a SP GROUP (Eye Motion) foi vendida para uma empresa da Su\u00ed\u00e7a. Mas a inquieta\u00e7\u00e3o e a\u00a0 ideia de querer gerenciar algo novo sempre esteve l\u00e1. Por isso, em 2019, Paulo decidiu comprar de volta a SP GROUP, transformando-a no que hoje \u00e9 a USET. A ideia por tr\u00e1s do USET e sua import\u00e2ncia para a evolu\u00e7\u00e3o das feiras e eventos no Brasil. O USET \u00e9 um novo conceito em montagem de estandes sustent\u00e1veis, onde suas principais premissas s\u00e3o a otimiza\u00e7\u00e3o, design moderno e inteligente, com maior custo-benef\u00edcio, flexibiliza\u00e7\u00e3o e moderniza\u00e7\u00e3o de estandes sustent\u00e1veis para feiras e eventos.\u00a0 Atrav\u00e9s dele \u00e9 poss\u00edvel que as empresas garantam uma m\u00e3o de obra e uma entrega mais otimizada e n\u00e3o gerem desperd\u00edcios, al\u00e9m de garantir maiores condi\u00e7\u00f5es na hora de mostrar antecipadamente o estande pronto para o cliente.\u00a0 O maior objetivo da USET \u00e9 oferecer algo de positivo n\u00e3o s\u00f3 para o segmento, mas principalmente para a sociedade. \u00c9 pensar sempre em op\u00e7\u00f5es que atendam a todas as normas de limpeza e boas pr\u00e1ticas enol\u00f3gicas, trazendo tranquilidade para todos que o consomem direta ou indiretamente, oferecendo a garantia de um produto mais sustent\u00e1vel.\u00a0 A USET \u00e9 sin\u00f4nimo de economia e responsabilidade social em forma de estandes sustent\u00e1veis personalizados e reutiliz\u00e1veis Desenvolvendo o conceito dos estandes sustent\u00e1veis e mostrando sua efici\u00eancia para o segmento nas feiras e eventos no Brasil. \u00c9 aqui que a USET entra no conceito do ESG (Environmental, social, and corporate governance). Conjunto de boas pr\u00e1ticas que validam o quanto uma empresa est\u00e1 social e ambientalmente consciente em sua gest\u00e3o.\u00a0 Empresas que implementam o ESG demonstram que seu modelo de neg\u00f3cios valoriza n\u00e3o s\u00f3 o lucro, mas principalmente um prop\u00f3sito maior para a comunidade, tornando-se cada vez mais atrativas, tanto para os consumidores quanto para potenciais investidores. Parceria USET e N\u00fcrnbergMesse Brasil A N\u00fcrnbergMesse faz parte do Grupo N\u00fcrnbergMesse, uma das maiores empresas internacionais organizadoras de eventos e exposi\u00e7\u00f5es no Brasil, que promove os mais importantes encontros de fornecedores, distribuidores e revendedores do pa\u00eds em suas feiras de neg\u00f3cios. Por saber da sua magnitude e da sua import\u00e2ncia para o ramo do segmento, sempre houve interesse em realizar uma parceria com a empresa. Em 2021 tudo come\u00e7ou. Depois de muitas conversas e apresenta\u00e7\u00e3o do projeto, a USET fechou o contrato para ser a montadora oficial da N\u00fcrnbergMesse Brasil. O relacionamento foi ficando cada vez mais consolidado e a empresa entendeu a import\u00e2ncia de investir num prop\u00f3sito diferente de tudo o que j\u00e1 existiu em rela\u00e7\u00e3o aos estandes em feiras e eventos. E foi a\u00ed que o USET realizou o prot\u00f3tipo da Feira Revestir 2022, onde teve 100m\u00b2 com mezanino, validando seu conceito real e pr\u00e1tico, e posteriormente foi dado sinal verde para fazermos mais de 1.000m\u00b2 no Catarina Aviation Show. A USET entende que modernizar as feiras e eventos pode tornar o segmento cada vez mais atraente para as empresas e para o p\u00fablico. Investir em estandes sustent\u00e1veis e flex\u00edveis \u00e9 fundamental para que as empresas possam atrair seus clientes, gerar maior comunica\u00e7\u00e3o e divulgar de maneira mais eficaz as propostas da sua marca. Esse uso contribui para um ambiente mais limpo, sem nenhum desperd\u00edcio, evitando ac\u00famulo de materiais e lixo em feiras, por exemplo-, voltando a aten\u00e7\u00e3o de todos para o que importa: apresentar seus produtos e servi\u00e7os de forma mais eficiente, proporcionando uma m\u00e3o-de-obra mais otimizada e sem riscos, oferecendo um produto com melhores condi\u00e7\u00f5es ecol\u00f3gicas. Precisamos entender de uma vez por todas que a sociedade valoriza neg\u00f3cios que respeitam o meio ambiente as pessoas. E isso a USET tira de letra!\u00a0 Oferecemos espa\u00e7os pensados para a necessidade da sua empresa, com reaproveitamento cont\u00ednuo das estruturas, acabamentos e materiais, atrav\u00e9s de m\u00f3dulos reutiliz\u00e1veis e sustent\u00e1veis. N\u00f3s cuidamos de tudo para que voc\u00ea possa se manter focado no que interessa: Estrat\u00e9gia e Planejamento. Descubra o m\u00f3dulo que combina com seu neg\u00f3cio e garanta as mais variadas combina\u00e7\u00f5es de estrutura e acabamentos, resultando em projetos mais adequados \u00e0s necessidades de cada expositor. As aplica\u00e7\u00f5es s\u00e3o realizadas em nossa f\u00e1brica e os m\u00f3dulos seguem prontos para a montagem do evento, gerando mais qualidade e tempo para voc\u00ea e oferecendo para a sua empresa uma montagem mais sustent\u00e1vel, pr\u00e1tica e r\u00e1pida, pronta para voc\u00ea expor. Entre em<\/p>\n","protected":false},"author":3,"featured_media":531,"comment_status":"open","ping_status":"open","sticky":false,"template":"","format":"standard","meta":{"footnotes":""},"categories":[1],"tags":[],"yoast_head":"<!-- This site is optimized with the Yoast SEO plugin v24.5 - https:\/\/yoast.com\/wordpress\/plugins\/seo\/ -->\n<title>POR TR\u00c1S DA USET - Uset<\/title>\n<meta name=\"description\" content=\"Como tudo come\u00e7ou: A hist\u00f3ria da USET e sua import\u00e2ncia para a moderniza\u00e7\u00e3o da estrutura das feiras e eventos no Brasil.\" \/>\n<meta name=\"robots\" content=\"index, follow, max-snippet:-1, max-image-preview:large, max-video-preview:-1\" \/>\n<link rel=\"canonical\" href=\"https:\/\/uset.com.br\/index.php\/2022\/08\/01\/o-futuro-do-mercado-das-feiras-e-eventos-uset-2\/\" \/>\n<meta property=\"og:locale\" content=\"en_US\" \/>\n<meta property=\"og:type\" content=\"article\" \/>\n<meta property=\"og:title\" content=\"POR TR\u00c1S DA USET - Uset\" \/>\n<meta property=\"og:description\" content=\"Como tudo come\u00e7ou: A hist\u00f3ria da USET e sua import\u00e2ncia para a moderniza\u00e7\u00e3o da estrutura das feiras e eventos no Brasil.\" \/>\n<meta property=\"og:url\" content=\"https:\/\/uset.com.br\/index.php\/2022\/08\/01\/o-futuro-do-mercado-das-feiras-e-eventos-uset-2\/\" \/>\n<meta property=\"og:site_name\" content=\"Uset\" \/>\n<meta property=\"article:published_time\" content=\"2022-08-01T16:36:35+00:00\" \/>\n<meta property=\"article:modified_time\" content=\"2023-02-09T15:33:48+00:00\" \/>\n<meta property=\"og:image\" content=\"https:\/\/uset.com.br\/wp-content\/uploads\/2022\/08\/uset-sustentavel_elementos-03-1024x889.png\" \/>\n\t<meta property=\"og:image:width\" content=\"1024\" \/>\n\t<meta property=\"og:image:height\" content=\"889\" \/>\n\t<meta property=\"og:image:type\" content=\"image\/png\" \/>\n<meta name=\"author\" content=\"Eduarda Benevides\" \/>\n<meta name=\"twitter:card\" content=\"summary_large_image\" \/>\n<meta name=\"twitter:label1\" content=\"Written by\" \/>\n\t<meta name=\"twitter:data1\" content=\"Eduarda Benevides\" \/>\n\t<meta name=\"twitter:label2\" content=\"Est. reading time\" \/>\n\t<meta name=\"twitter:data2\" content=\"6 minutes\" \/>\n<script type=\"application\/ld+json\" class=\"yoast-schema-graph\">{\"@context\":\"https:\/\/schema.org\",\"@graph\":[{\"@type\":\"Article\",\"@id\":\"https:\/\/uset.com.br\/index.php\/2022\/08\/01\/o-futuro-do-mercado-das-feiras-e-eventos-uset-2\/#article\",\"isPartOf\":{\"@id\":\"https:\/\/uset.com.br\/index.php\/2022\/08\/01\/o-futuro-do-mercado-das-feiras-e-eventos-uset-2\/\"},\"author\":{\"name\":\"Eduarda Benevides\",\"@id\":\"https:\/\/uset.com.br\/#\/schema\/person\/e0308b0ae93b9061ae240ec2d019b0ec\"},\"headline\":\"POR TR\u00c1S DA USET\",\"datePublished\":\"2022-08-01T16:36:35+00:00\",\"dateModified\":\"2023-02-09T15:33:48+00:00\",\"mainEntityOfPage\":{\"@id\":\"https:\/\/uset.com.br\/index.php\/2022\/08\/01\/o-futuro-do-mercado-das-feiras-e-eventos-uset-2\/\"},\"wordCount\":1109,\"commentCount\":0,\"publisher\":{\"@id\":\"https:\/\/uset.com.br\/#organization\"},\"image\":{\"@id\":\"https:\/\/uset.com.br\/index.php\/2022\/08\/01\/o-futuro-do-mercado-das-feiras-e-eventos-uset-2\/#primaryimage\"},\"thumbnailUrl\":\"https:\/\/uset.com.br\/wp-content\/uploads\/2022\/08\/uset-sustentavel_elementos-03.png\",\"inLanguage\":\"en-US\",\"potentialAction\":[{\"@type\":\"CommentAction\",\"name\":\"Comment\",\"target\":[\"https:\/\/uset.com.br\/index.php\/2022\/08\/01\/o-futuro-do-mercado-das-feiras-e-eventos-uset-2\/#respond\"]}]},{\"@type\":\"WebPage\",\"@id\":\"https:\/\/uset.com.br\/index.php\/2022\/08\/01\/o-futuro-do-mercado-das-feiras-e-eventos-uset-2\/\",\"url\":\"https:\/\/uset.com.br\/index.php\/2022\/08\/01\/o-futuro-do-mercado-das-feiras-e-eventos-uset-2\/\",\"name\":\"POR TR\u00c1S DA USET - Uset\",\"isPartOf\":{\"@id\":\"https:\/\/uset.com.br\/#website\"},\"primaryImageOfPage\":{\"@id\":\"https:\/\/uset.com.br\/index.php\/2022\/08\/01\/o-futuro-do-mercado-das-feiras-e-eventos-uset-2\/#primaryimage\"},\"image\":{\"@id\":\"https:\/\/uset.com.br\/index.php\/2022\/08\/01\/o-futuro-do-mercado-das-feiras-e-eventos-uset-2\/#primaryimage\"},\"thumbnailUrl\":\"https:\/\/uset.com.br\/wp-content\/uploads\/2022\/08\/uset-sustentavel_elementos-03.png\",\"datePublished\":\"2022-08-01T16:36:35+00:00\",\"dateModified\":\"2023-02-09T15:33:48+00:00\",\"description\":\"Como tudo come\u00e7ou: A hist\u00f3ria da USET e sua import\u00e2ncia para a moderniza\u00e7\u00e3o da estrutura das feiras e eventos no Brasil.\",\"breadcrumb\":{\"@id\":\"https:\/\/uset.com.br\/index.php\/2022\/08\/01\/o-futuro-do-mercado-das-feiras-e-eventos-uset-2\/#breadcrumb\"},\"inLanguage\":\"en-US\",\"potentialAction\":[{\"@type\":\"ReadAction\",\"target\":[\"https:\/\/uset.com.br\/index.php\/2022\/08\/01\/o-futuro-do-mercado-das-feiras-e-eventos-uset-2\/\"]}]},{\"@type\":\"ImageObject\",\"inLanguage\":\"en-US\",\"@id\":\"https:\/\/uset.com.br\/index.php\/2022\/08\/01\/o-futuro-do-mercado-das-feiras-e-eventos-uset-2\/#primaryimage\",\"url\":\"https:\/\/uset.com.br\/wp-content\/uploads\/2022\/08\/uset-sustentavel_elementos-03.png\",\"contentUrl\":\"https:\/\/uset.com.br\/wp-content\/uploads\/2022\/08\/uset-sustentavel_elementos-03.png\",\"width\":5182,\"height\":4500},{\"@type\":\"BreadcrumbList\",\"@id\":\"https:\/\/uset.com.br\/index.php\/2022\/08\/01\/o-futuro-do-mercado-das-feiras-e-eventos-uset-2\/#breadcrumb\",\"itemListElement\":[{\"@type\":\"ListItem\",\"position\":1,\"name\":\"Home\",\"item\":\"https:\/\/uset.com.br\/\"},{\"@type\":\"ListItem\",\"position\":2,\"name\":\"POR TR\u00c1S DA USET\"}]},{\"@type\":\"WebSite\",\"@id\":\"https:\/\/uset.com.br\/#website\",\"url\":\"https:\/\/uset.com.br\/\",\"name\":\"Uset\",\"description\":\"\",\"publisher\":{\"@id\":\"https:\/\/uset.com.br\/#organization\"},\"potentialAction\":[{\"@type\":\"SearchAction\",\"target\":{\"@type\":\"EntryPoint\",\"urlTemplate\":\"https:\/\/uset.com.br\/?s={search_term_string}\"},\"query-input\":{\"@type\":\"PropertyValueSpecification\",\"valueRequired\":true,\"valueName\":\"search_term_string\"}}],\"inLanguage\":\"en-US\"},{\"@type\":\"Organization\",\"@id\":\"https:\/\/uset.com.br\/#organization\",\"name\":\"Uset\",\"url\":\"https:\/\/uset.com.br\/\",\"logo\":{\"@type\":\"ImageObject\",\"inLanguage\":\"en-US\",\"@id\":\"https:\/\/uset.com.br\/#\/schema\/logo\/image\/\",\"url\":\"https:\/\/uset.com.br\/wp-content\/uploads\/2022\/06\/cropped-AGUARDEM.jpg\",\"contentUrl\":\"https:\/\/uset.com.br\/wp-content\/uploads\/2022\/06\/cropped-AGUARDEM.jpg\",\"width\":512,\"height\":512,\"caption\":\"Uset\"},\"image\":{\"@id\":\"https:\/\/uset.com.br\/#\/schema\/logo\/image\/\"}},{\"@type\":\"Person\",\"@id\":\"https:\/\/uset.com.br\/#\/schema\/person\/e0308b0ae93b9061ae240ec2d019b0ec\",\"name\":\"Eduarda Benevides\",\"image\":{\"@type\":\"ImageObject\",\"inLanguage\":\"en-US\",\"@id\":\"https:\/\/uset.com.br\/#\/schema\/person\/image\/\",\"url\":\"https:\/\/secure.gravatar.com\/avatar\/147183d5ddbb818409a32639b0de388a?s=96&d=mm&r=g\",\"contentUrl\":\"https:\/\/secure.gravatar.com\/avatar\/147183d5ddbb818409a32639b0de388a?s=96&d=mm&r=g\",\"caption\":\"Eduarda Benevides\"},\"url\":\"https:\/\/uset.com.br\/index.php\/author\/eduarda_benevides\/\"}]}<\/script>\n<!-- \/ Yoast SEO plugin. -->","yoast_head_json":{"title":"POR TR\u00c1S DA USET - Uset","description":"Como tudo come\u00e7ou: A hist\u00f3ria da USET e sua import\u00e2ncia para a moderniza\u00e7\u00e3o da estrutura das feiras e eventos no Brasil.","robots":{"index":"index","follow":"follow","max-snippet":"max-snippet:-1","max-image-preview":"max-image-preview:large","max-video-preview":"max-video-preview:-1"},"canonical":"https:\/\/uset.com.br\/index.php\/2022\/08\/01\/o-futuro-do-mercado-das-feiras-e-eventos-uset-2\/","og_locale":"en_US","og_type":"article","og_title":"POR TR\u00c1S DA USET - Uset","og_description":"Como tudo come\u00e7ou: A hist\u00f3ria da USET e sua import\u00e2ncia para a moderniza\u00e7\u00e3o da estrutura das feiras e eventos no Brasil.","og_url":"https:\/\/uset.com.br\/index.php\/2022\/08\/01\/o-futuro-do-mercado-das-feiras-e-eventos-uset-2\/","og_site_name":"Uset","article_published_time":"2022-08-01T16:36:35+00:00","article_modified_time":"2023-02-09T15:33:48+00:00","og_image":[{"width":1024,"height":889,"url":"https:\/\/uset.com.br\/wp-content\/uploads\/2022\/08\/uset-sustentavel_elementos-03-1024x889.png","type":"image\/png"}],"author":"Eduarda Benevides","twitter_card":"summary_large_image","twitter_misc":{"Written by":"Eduarda Benevides","Est. reading time":"6 minutes"},"schema":{"@context":"https:\/\/schema.org","@graph":[{"@type":"Article","@id":"https:\/\/uset.com.br\/index.php\/2022\/08\/01\/o-futuro-do-mercado-das-feiras-e-eventos-uset-2\/#article","isPartOf":{"@id":"https:\/\/uset.com.br\/index.php\/2022\/08\/01\/o-futuro-do-mercado-das-feiras-e-eventos-uset-2\/"},"author":{"name":"Eduarda Benevides","@id":"https:\/\/uset.com.br\/#\/schema\/person\/e0308b0ae93b9061ae240ec2d019b0ec"},"headline":"POR TR\u00c1S DA USET","datePublished":"2022-08-01T16:36:35+00:00","dateModified":"2023-02-09T15:33:48+00:00","mainEntityOfPage":{"@id":"https:\/\/uset.com.br\/index.php\/2022\/08\/01\/o-futuro-do-mercado-das-feiras-e-eventos-uset-2\/"},"wordCount":1109,"commentCount":0,"publisher":{"@id":"https:\/\/uset.com.br\/#organization"},"image":{"@id":"https:\/\/uset.com.br\/index.php\/2022\/08\/01\/o-futuro-do-mercado-das-feiras-e-eventos-uset-2\/#primaryimage"},"thumbnailUrl":"https:\/\/uset.com.br\/wp-content\/uploads\/2022\/08\/uset-sustentavel_elementos-03.png","inLanguage":"en-US","potentialAction":[{"@type":"CommentAction","name":"Comment","target":["https:\/\/uset.com.br\/index.php\/2022\/08\/01\/o-futuro-do-mercado-das-feiras-e-eventos-uset-2\/#respond"]}]},{"@type":"WebPage","@id":"https:\/\/uset.com.br\/index.php\/2022\/08\/01\/o-futuro-do-mercado-das-feiras-e-eventos-uset-2\/","url":"https:\/\/uset.com.br\/index.php\/2022\/08\/01\/o-futuro-do-mercado-das-feiras-e-eventos-uset-2\/","name":"POR TR\u00c1S DA USET - Uset","isPartOf":{"@id":"https:\/\/uset.com.br\/#website"},"primaryImageOfPage":{"@id":"https:\/\/uset.com.br\/index.php\/2022\/08\/01\/o-futuro-do-mercado-das-feiras-e-eventos-uset-2\/#primaryimage"},"image":{"@id":"https:\/\/uset.com.br\/index.php\/2022\/08\/01\/o-futuro-do-mercado-das-feiras-e-eventos-uset-2\/#primaryimage"},"thumbnailUrl":"https:\/\/uset.com.br\/wp-content\/uploads\/2022\/08\/uset-sustentavel_elementos-03.png","datePublished":"2022-08-01T16:36:35+00:00","dateModified":"2023-02-09T15:33:48+00:00","description":"Como tudo come\u00e7ou: A hist\u00f3ria da USET e sua import\u00e2ncia para a moderniza\u00e7\u00e3o da estrutura das feiras e eventos no Brasil.","breadcrumb":{"@id":"https:\/\/uset.com.br\/index.php\/2022\/08\/01\/o-futuro-do-mercado-das-feiras-e-eventos-uset-2\/#breadcrumb"},"inLanguage":"en-US","potentialAction":[{"@type":"ReadAction","target":["https:\/\/uset.com.br\/index.php\/2022\/08\/01\/o-futuro-do-mercado-das-feiras-e-eventos-uset-2\/"]}]},{"@type":"ImageObject","inLanguage":"en-US","@id":"https:\/\/uset.com.br\/index.php\/2022\/08\/01\/o-futuro-do-mercado-das-feiras-e-eventos-uset-2\/#primaryimage","url":"https:\/\/uset.com.br\/wp-content\/uploads\/2022\/08\/uset-sustentavel_elementos-03.png","contentUrl":"https:\/\/uset.com.br\/wp-content\/uploads\/2022\/08\/uset-sustentavel_elementos-03.png","width":5182,"height":4500},{"@type":"BreadcrumbList","@id":"https:\/\/uset.com.br\/index.php\/2022\/08\/01\/o-futuro-do-mercado-das-feiras-e-eventos-uset-2\/#breadcrumb","itemListElement":[{"@type":"ListItem","position":1,"name":"Home","item":"https:\/\/uset.com.br\/"},{"@type":"ListItem","position":2,"name":"POR TR\u00c1S DA USET"}]},{"@type":"WebSite","@id":"https:\/\/uset.com.br\/#website","url":"https:\/\/uset.com.br\/","name":"Uset","description":"","publisher":{"@id":"https:\/\/uset.com.br\/#organization"},"potentialAction":[{"@type":"SearchAction","target":{"@type":"EntryPoint","urlTemplate":"https:\/\/uset.com.br\/?s={search_term_string}"},"query-input":{"@type":"PropertyValueSpecification","valueRequired":true,"valueName":"search_term_string"}}],"inLanguage":"en-US"},{"@type":"Organization","@id":"https:\/\/uset.com.br\/#organization","name":"Uset","url":"https:\/\/uset.com.br\/","logo":{"@type":"ImageObject","inLanguage":"en-US","@id":"https:\/\/uset.com.br\/#\/schema\/logo\/image\/","url":"https:\/\/uset.com.br\/wp-content\/uploads\/2022\/06\/cropped-AGUARDEM.jpg","contentUrl":"https:\/\/uset.com.br\/wp-content\/uploads\/2022\/06\/cropped-AGUARDEM.jpg","width":512,"height":512,"caption":"Uset"},"image":{"@id":"https:\/\/uset.com.br\/#\/schema\/logo\/image\/"}},{"@type":"Person","@id":"https:\/\/uset.com.br\/#\/schema\/person\/e0308b0ae93b9061ae240ec2d019b0ec","name":"Eduarda Benevides","image":{"@type":"ImageObject","inLanguage":"en-US","@id":"https:\/\/uset.com.br\/#\/schema\/person\/image\/","url":"https:\/\/secure.gravatar.com\/avatar\/147183d5ddbb818409a32639b0de388a?s=96&d=mm&r=g","contentUrl":"https:\/\/secure.gravatar.com\/avatar\/147183d5ddbb818409a32639b0de388a?s=96&d=mm&r=g","caption":"Eduarda Benevides"},"url":"https:\/\/uset.com.br\/index.php\/author\/eduarda_benevides\/"}]}},"_links":{"self":[{"href":"https:\/\/uset.com.br\/index.php\/wp-json\/wp\/v2\/posts\/524"}],"collection":[{"href":"https:\/\/uset.com.br\/index.php\/wp-json\/wp\/v2\/posts"}],"about":[{"href":"https:\/\/uset.com.br\/index.php\/wp-json\/wp\/v2\/types\/post"}],"author":[{"embeddable":true,"href":"https:\/\/uset.com.br\/index.php\/wp-json\/wp\/v2\/users\/3"}],"replies":[{"embeddable":true,"href":"https:\/\/uset.com.br\/index.php\/wp-json\/wp\/v2\/comments?post=524"}],"version-history":[{"count":8,"href":"https:\/\/uset.com.br\/index.php\/wp-json\/wp\/v2\/posts\/524\/revisions"}],"predecessor-version":[{"id":535,"href":"https:\/\/uset.com.br\/index.php\/wp-json\/wp\/v2\/posts\/524\/revisions\/535"}],"wp:featuredmedia":[{"embeddable":true,"href":"https:\/\/uset.com.br\/index.php\/wp-json\/wp\/v2\/media\/531"}],"wp:attachment":[{"href":"https:\/\/uset.com.br\/index.php\/wp-json\/wp\/v2\/media?parent=524"}],"wp:term":[{"taxonomy":"category","embeddable":true,"href":"https:\/\/uset.com.br\/index.php\/wp-json\/wp\/v2\/categories?post=524"},{"taxonomy":"post_tag","embeddable":true,"href":"https:\/\/uset.com.br\/index.php\/wp-json\/wp\/v2\/tags?post=524"}],"curies":[{"name":"wp","href":"https:\/\/api.w.org\/{rel}","templated":true}]}}